{"id":1896,"date":"2020-12-05T09:00:56","date_gmt":"2020-12-05T09:00:56","guid":{"rendered":"http:\/\/bioenergie-kleinseelheim.de\/?p=1896"},"modified":"2021-01-20T10:20:53","modified_gmt":"2021-01-20T10:20:53","slug":"rodungen-im-dannenroder-forst-wir-brauchen-die-verkehrswende","status":"publish","type":"post","link":"https:\/\/bioenergie-kleinseelheim.de\/index.php\/2020\/12\/05\/rodungen-im-dannenroder-forst-wir-brauchen-die-verkehrswende\/","title":{"rendered":"Rodungen im Dannenr\u00f6der Forst \u2013 Wir brauchen die Verkehrswende."},"content":{"rendered":"<p>Diese Eiche war 300 Jahre alt Foto: <a href=\"https:\/\/marburg-biedenkopf-mobil.de\/\" target=\"_blank\" rel=\"noopener\">IG-Mobilit\u00e4t<\/a><\/p>\n<h5 style=\"text-align: center;\">\u201eWeil es f\u00fcr Entscheider okay ist, die Einhaltung von Biodiversit\u00e4tsabkommen zu gef\u00e4hrden, nicht aber einen Koalitionsbeschluss.\u201c<\/h5>\n<p>(<em><strong>Disclaimer: Die hier ge\u00e4u\u00dferten Ansichten sind die Ansichten der Autorin Ulrike Simon, sie entsprechen nicht unbedingt denen der Bioenergiegenossenschaft insgesamt.<\/strong><\/em>)<\/p>\n<h6 style=\"text-align: left;\">Ausschnitte aus einem <a href=\"https:\/\/www.spiegel.de\/politik\/deutschland\/luisa-neubauer-und-carola-rackete-ueber-protest-im-dannenroeder-forst-a-7cae1bae-331f-48d3-a231-cf25dd076bcd?utm_source=pocket-newtab-global-de-DE\" target=\"_blank\" rel=\"noopener\">\u201aSpiegel\u2018 Artikel<\/a>\u00a0 * vom 12.11.2020 der Aktivistinnen Luisa Neubauer und Carola Rackete \u00fcber den Protest im Dannenr\u00f6der Forst<\/h6>\n<p>\u201e[&#8230;] die R\u00e4umungen im Dannenr\u00f6der Wald. Aktivisten h\u00e4ngen in den B\u00e4umen, auf dem Boden stapfen viele Hundertschaften von Polizisten. Sie sind da, um die Aktivisten aus dem Weg und den Harvestern den Weg freizur\u00e4umen. Die Polizisten sind im Auftrag der schwarz-gr\u00fcnen Landesregierung da, die wiederum im Auftrag der Bundesregierung Asphalt durch diesen 300 Jahre alten Mischwald verlegen soll.<\/p>\n<p>Die Aktivisten, die dort seit Monaten Baumh\u00e4user bauen und Forstfahrzeuge blockieren, haben keinen formalen Auftrag, wenn \u00fcberhaupt haben sie sich selbst den Auftrag gegeben, B\u00e4ume, Wald, \u00d6kosysteme, Trinkwasser, Arten zu sch\u00fctzen vor einer Stra\u00dfe, deren Nutzen f\u00fcr das &#8220;\u00f6ffentliche Interesse&#8221; mehr als umstritten ist.\u201c<\/p>\n<p>\u201e[\u2026] Wir befinden uns in einer Zeit, in der Verlust und Fragmentierung von Lebensr\u00e4umen immer mehr zum Verh\u00e4ngnis wird, in der das 6. Massensterben der Arten global das wohl vernachl\u00e4ssigste und gleichzeitig verh\u00e4ngnisvollste \u00f6kologische Problem ist. Es ist auch ein moralischer Auftrag, von dem hier gesprochen wird, zum Schutz zuk\u00fcnftiger Generationen und der Menschen im Globalen S\u00fcden.<\/p>\n<p><i>On paper<\/i> haben wir den globalen \u00f6kologischen Zusammenbruch schon l\u00e4ngst vertraglich besiegelt. Wenn man alle Vertr\u00e4ge zusammenz\u00e4hlt, die wir Menschen zum heutigen Zeitpunkt schon unterschrieben haben, kommen wir bei einer vertraglich abgestimmten globalen Erw\u00e4rmung von weit mehr als zwei Grad Celsius an.<\/p>\n<p>Diese Vertr\u00e4ge sind etwa solche zwischen Firmen und L\u00e4ndern, die die Ausbeutung bestimmter fossiler Rohstoffe regeln, wie etwa die zwischen dem Land NRW und dem Kohlekonzern RWE. [\u2026] Und das sind Vertr\u00e4ge, wie sie Koalitionen oder Staaten intern beschlie\u00dfen, wie etwa der Koalitionsvertrag des Landes Hessen, in dem sich die schwarz-gr\u00fcne Koalition darauf verst\u00e4ndigt, noch in der aktuellen Legislatur einen Autobahnabschnitt zwischen Kassel und Gie\u00dfen zu bauen.\u201c<\/p>\n<p>\u201e[\u2026] Ganz legal werden aus Lebensgrundlagen Lebensgefahren. Nun hat man schon vor Langem angefangen, Auswege zu erarbeiten \u2013 etwa in Form von Biodiversit\u00e4ts- und Klimaabkommen. Diese Vertr\u00e4ge, Abkommen, Erkl\u00e4rungen sollen Menschen, Nicht-Menschen und Menschheit vor dem \u00f6kologischen Kollaps bewahren. Und genau diese werden nun gebrochen. Warum? Weil einige die Macht haben zu entscheiden, dass es in Ordnung ist, das Pariser Abkommen zu brechen, nicht aber einen Stra\u00dfenbauvertrag.\u201c<\/p>\n<p>\u201e[&#8230;] Die entscheidende Feststellung vom Dannenr\u00f6der Wald ist die: Wir werden in den n\u00e4chsten Jahren immer weiter, immer mehr Vertr\u00e4ge brechen m\u00fcssen. Die Frage ist nur, welche das sein werden \u2013 und wer die Macht hat zu entscheiden welche.\u201c<\/p>\n<p>\u201e[\u2026] In einer Zeit, in der die gr\u00f6\u00dften Gefahren f\u00fcr alle vom Nicht-Handeln ausgeht, vom Nicht-Intervenieren, vom Weggucken und Weiter-so, wird der Ruf nach Systemwandel zu einer schlichten Notwendigkeit, f\u00fcr den Schutz von Leben auf diesem Planeten. Diejenigen, die das verstanden haben, sie sitzen in diesem Augenblick auf Brettern, Seilen und \u00c4sten hoch oben im Dannenr\u00f6der Wald.\u201c<\/p>\n<p><em>\u00a0* f\u00e4lschlicherweise stand vorher, dass dieser Artikel in der Zeitung\u00a0 &#8216;Die Welt&#8217; erschienen sei, ich bitte, den Fehler zu entschuldigen<strong><br \/>\n<\/strong><\/em><\/p>\n","protected":false},"excerpt":{"rendered":"<p>Diese Eiche war 300 Jahre alt Foto: IG-Mobilit\u00e4t \u201eWeil es f\u00fcr Entscheider okay ist, die Einhaltung von Biodiversit\u00e4tsabkommen zu gef\u00e4hrden, nicht aber einen Koalitionsbeschluss.\u201c (Disclaimer: Die hier ge\u00e4u\u00dferten Ansichten sind die Ansichten der Autorin Ulrike Simon, sie entsprechen nicht unbedingt denen der Bioenergiegenossenschaft insgesamt.) Ausschnitte aus einem \u201aSpiegel\u2018 Artikel\u00a0 * vom 12.11.2020 der Aktivistinnen Luisa [&hellip;]<\/p>\n","protected":false},"author":3,"featured_media":1897,"comment_status":"open","ping_status":"open","sticky":false,"template":"","format":"standard","meta":{"footnotes":""},"categories":[1],"tags":[],"class_list":["post-1896","post","type-post","status-publish","format-standard","has-post-thumbnail","hentry","category-uncategorized"],"_links":{"self":[{"href":"https:\/\/bioenergie-kleinseelheim.de\/index.php\/wp-json\/wp\/v2\/posts\/1896","targetHints":{"allow":["GET"]}}],"collection":[{"href":"https:\/\/bioenergie-kleinseelheim.de\/index.php\/wp-json\/wp\/v2\/posts"}],"about":[{"href":"https:\/\/bioenergie-kleinseelheim.de\/index.php\/wp-json\/wp\/v2\/types\/post"}],"author":[{"embeddable":true,"href":"https:\/\/bioenergie-kleinseelheim.de\/index.php\/wp-json\/wp\/v2\/users\/3"}],"replies":[{"embeddable":true,"href":"https:\/\/bioenergie-kleinseelheim.de\/index.php\/wp-json\/wp\/v2\/comments?post=1896"}],"version-history":[{"count":8,"href":"https:\/\/bioenergie-kleinseelheim.de\/index.php\/wp-json\/wp\/v2\/posts\/1896\/revisions"}],"predecessor-version":[{"id":1927,"href":"https:\/\/bioenergie-kleinseelheim.de\/index.php\/wp-json\/wp\/v2\/posts\/1896\/revisions\/1927"}],"wp:featuredmedia":[{"embeddable":true,"href":"https:\/\/bioenergie-kleinseelheim.de\/index.php\/wp-json\/wp\/v2\/media\/1897"}],"wp:attachment":[{"href":"https:\/\/bioenergie-kleinseelheim.de\/index.php\/wp-json\/wp\/v2\/media?parent=1896"}],"wp:term":[{"taxonomy":"category","embeddable":true,"href":"https:\/\/bioenergie-kleinseelheim.de\/index.php\/wp-json\/wp\/v2\/categories?post=1896"},{"taxonomy":"post_tag","embeddable":true,"href":"https:\/\/bioenergie-kleinseelheim.de\/index.php\/wp-json\/wp\/v2\/tags?post=1896"}],"curies":[{"name":"wp","href":"https:\/\/api.w.org\/{rel}","templated":true}]}}