{"id":1973,"date":"2021-11-16T10:55:20","date_gmt":"2021-11-16T10:55:20","guid":{"rendered":"http:\/\/bioenergie-kleinseelheim.de\/?p=1973"},"modified":"2021-11-16T10:55:20","modified_gmt":"2021-11-16T10:55:20","slug":"die-bioenergiegenossenschaft-beendet-ihre-geschaftstatigkeit","status":"publish","type":"post","link":"https:\/\/bioenergie-kleinseelheim.de\/index.php\/2021\/11\/16\/die-bioenergiegenossenschaft-beendet-ihre-geschaftstatigkeit\/","title":{"rendered":"Die Bioenergiegenossenschaft beendet ihre Gesch\u00e4ftst\u00e4tigkeit"},"content":{"rendered":"<p>Mit dem Verkauf ihres gesamten Besitzes stellt die Genossenschaft ihren\u00a0 Gesch\u00e4ftsbetrieb ein und wird sich in K\u00fcrze aufl\u00f6sen.<\/p>\n<p>Voraussichtlich am 9.12.2021 wird dazu um 20 Uhr im DGH eine ordentliche Generalversammlung der Genossenschaft statt finden (die Einladung wird fristgerecht erfolgen).<\/p>\n<p>Die Ziele der Genossenschaft wurden erfolgreich umgesetzt:<\/p>\n<ul>\n<li>Die EAM f\u00fchrt den Nahw\u00e4rmebetrieb weiter und wird weitere Anschl\u00fcsse bauen.<\/li>\n<li>Die Telekom versorgt fast das ganze Dorf mit Glasfaseranschl\u00fcssen im Haus.<\/li>\n<li>Mit dem Tiefbauunternehmen Erdbau Brauer wurde ein neuer Betrieb in den Ort geholt, der das Anwesen Sandweg 33 als Betriebsgel\u00e4nde und B\u00fcro nutzt, nachdem sich das Rohrbau-Unternehmen Helmar schon vor l\u00e4ngerer Zeit dort eingemietet hat.<\/li>\n<\/ul>\n<p>Die Vorstandsmitglieder stehen weiterhin den Kleinseelheimer*innen beratend zur Verf\u00fcgung (genauso wie alle Genossen sicher gerne Auskunft zu ihren Erfahrungen geben).<\/p>\n<p>Wir danken allen Mitgliedern, Gesch\u00e4ftspartnern und Freunden f\u00fcr die Unterst\u00fctzung und gute Zusammenarbeit!<\/p>\n<p>Vorstand und Aufsichtsrat der Bioenergiegenossenschaft Kleinseelheim e.G.<\/p>\n","protected":false},"excerpt":{"rendered":"<p>Mit dem Verkauf ihres gesamten Besitzes stellt die Genossenschaft ihren\u00a0 Gesch\u00e4ftsbetrieb ein und wird sich in K\u00fcrze aufl\u00f6sen. Voraussichtlich am 9.12.2021 wird dazu um 20 Uhr im DGH eine ordentliche Generalversammlung der Genossenschaft statt finden (die Einladung wird fristgerecht erfolgen). Die Ziele der Genossenschaft wurden erfolgreich umgesetzt: Die EAM f\u00fchrt den Nahw\u00e4rmebetrieb weiter und wird [&hellip;]<\/p>\n","protected":false},"author":3,"featured_media":1654,"comment_status":"open","ping_status":"open","sticky":false,"template":"","format":"standard","meta":{"footnotes":""},"categories":[1],"tags":[],"class_list":["post-1973","post","type-post","status-publish","format-standard","has-post-thumbnail","hentry","category-uncategorized"],"_links":{"self":[{"href":"https:\/\/bioenergie-kleinseelheim.de\/index.php\/wp-json\/wp\/v2\/posts\/1973","targetHints":{"allow":["GET"]}}],"collection":[{"href":"https:\/\/bioenergie-kleinseelheim.de\/index.php\/wp-json\/wp\/v2\/posts"}],"about":[{"href":"https:\/\/bioenergie-kleinseelheim.de\/index.php\/wp-json\/wp\/v2\/types\/post"}],"author":[{"embeddable":true,"href":"https:\/\/bioenergie-kleinseelheim.de\/index.php\/wp-json\/wp\/v2\/users\/3"}],"replies":[{"embeddable":true,"href":"https:\/\/bioenergie-kleinseelheim.de\/index.php\/wp-json\/wp\/v2\/comments?post=1973"}],"version-history":[{"count":2,"href":"https:\/\/bioenergie-kleinseelheim.de\/index.php\/wp-json\/wp\/v2\/posts\/1973\/revisions"}],"predecessor-version":[{"id":1975,"href":"https:\/\/bioenergie-kleinseelheim.de\/index.php\/wp-json\/wp\/v2\/posts\/1973\/revisions\/1975"}],"wp:featuredmedia":[{"embeddable":true,"href":"https:\/\/bioenergie-kleinseelheim.de\/index.php\/wp-json\/wp\/v2\/media\/1654"}],"wp:attachment":[{"href":"https:\/\/bioenergie-kleinseelheim.de\/index.php\/wp-json\/wp\/v2\/media?parent=1973"}],"wp:term":[{"taxonomy":"category","embeddable":true,"href":"https:\/\/bioenergie-kleinseelheim.de\/index.php\/wp-json\/wp\/v2\/categories?post=1973"},{"taxonomy":"post_tag","embeddable":true,"href":"https:\/\/bioenergie-kleinseelheim.de\/index.php\/wp-json\/wp\/v2\/tags?post=1973"}],"curies":[{"name":"wp","href":"https:\/\/api.w.org\/{rel}","templated":true}]}}